{"id":65959,"date":"2026-01-05T18:03:41","date_gmt":"2026-01-05T15:03:41","guid":{"rendered":"https:\/\/blushedevents.com\/?p=65959"},"modified":"2026-01-05T18:03:42","modified_gmt":"2026-01-05T15:03:42","slug":"el-a-21-szakasz-vuelta-a-great-espana-2025-unnepi-este-a-madridi-palyan-es-egy-utolso-lehetoseg-az-uj-sprinterek-szamara","status":"publish","type":"post","link":"https:\/\/blushedevents.com\/ar\/el-a-21-szakasz-vuelta-a-great-espana-2025-unnepi-este-a-madridi-palyan-es-egy-utolso-lehetoseg-az-uj-sprinterek-szamara\/","title":{"rendered":"\u00c9l a 21. szakasz: Vuelta a great Espa\u00f1a 2025. \u00dcnnepi este a madridi p\u00e1ly\u00e1n, \u00e9s egy utols\u00f3 lehet\u0151s\u00e9g az \u00faj sprinterek sz\u00e1m\u00e1ra."},"content":{"rendered":"<div id=\"toc\" style=\"background: #f9f9f9;border: 1px solid #aaa;display: table;margin-bottom: 1em;padding: 1em;width: 350px\">\n<p class=\"toctitle\" style=\"font-weight: 700;text-align: center\">Bejegyz\u00e9sek<\/p>\n<ul class=\"toc_list\">\n<li><a href=\"#toc-0\">Legfrissebb h\u00edrek a ker\u00e9kp\u00e1ros h\u00edrekb\u0151l &#8211; william hill b\u00f3nuszk\u00f3d<\/a><\/li>\n<li><a href=\"#toc-1\">Vuelta 2025 Kedvencek 21. szakasz: A gyors befut\u00f3k megszerz\u00e9se #5<\/a><\/li>\n<\/ul>\n<\/div>\n<p>N\u00e9h\u00e1ny n\u00e9v, amelyek felt\u0171n\u0151en hi\u00e1nyozhatnak az els\u0151 nevez\u00e9si list\u00e1r\u00f3l \u2013 a n\u00e9gyszeres kies\u0151, valamint az idei gy\u0151ztes Primoz Roglic \u00e9s a <a href=\"https:\/\/fogadas-sport.com\/williamhill\/\">william hill b\u00f3nuszk\u00f3d<\/a> 2022-es gy\u0151ztes Remco Evenepoel. Ha szeretn\u00e9d l\u00e1tni a kezdeteket, \u00e9s azt is, hogy v\u00e1rhat\u00f3an minden szakaszon perceket fogsz nyerni, kattints ide. <!--more--> James, aki eg\u00e9sz \u00e9let\u00e9ben ker\u00e9kp\u00e1rozott \u00e9s val\u00f3sz\u00edn\u0171leg ker\u00e9kp\u00e1ros partnered, versenyhetei (\u00e9s fitts\u00e9g\u00e9nek nagy r\u00e9sze) m\u00e1r m\u00f6g\u00f6tted vannak.<\/p>\n<p>Campenaerts \u00e9s Buitrago egyszer\u0171en nem m\u0171k\u00f6dtek \u2013 csak az \u00faj GC k\u00f6z\u00f6ss\u00e9geket szimboliz\u00e1lt\u00e1k \u2013, ez\u00e9rt logikus, hogy Vervaeke-t lemaradva hagyj\u00e1k el. M\u00e9g n\u00e9h\u00e1ny ker\u00e9kp\u00e1ros t\u00e1mad, \u00e9s Ben Tulett Vism\u00e1b\u00f3l \u0151t \u00fcld\u00f6zi. A h\u00e1rom vezet\u0151 k\u00f6z\u00f6tt mind\u00f6ssze 15 perc a k\u00fcl\u00f6nbs\u00e9g, ez\u00e9rt egyel\u0151re nem tekinten\u00e9m ezt az \u00fczletet lez\u00e1rtnak. Az \u00fajabb emelked\u0151k \u00fajra\u00e9lesztik a peloton elleni \u00faj t\u00e1mad\u00e1sokat, mivel egy nagyszer\u0171 \u00faj adag ker\u00e9kp\u00e1ros haladt \u00e1t az \u00fcld\u00f6z\u0151k\u00f6n. Az el\u0151z\u0151 le\u00e1ll\u00e1s megakad\u00e1lyozta az esem\u00e9nyeket, \u00e9s a tiltakoz\u00e1s nem t\u0171nt b\u0171n\u00f6snek, hanem azon alapult, ahogyan a ker\u00e9kp\u00e1rosok megpr\u00f3b\u00e1lj\u00e1k \u201eb\u00e9k\u00e9snek\u201d nevezni magukat.<\/p>\n<p>\u201eA verseny \u00fajabb bojkottja rengeteg k\u00e1rt okozott nek\u00fcnk, ez \u00e1rtott messze a legt\u00f6bbet, de siker\u00fclt el\u00e9rn\u00fcnk a 21 fokot.\u201d A hagyom\u00e1ny azt dikt\u00e1lja, hogy a versenyz\u0151k ne pr\u00f3b\u00e1lj\u00e1k meg megv\u00e1ltoztatni a vezet\u0151t egy nagy Tour utols\u00f3 napj\u00e1n. A t\u00fcntet\u0151k led\u00f6nt\u00f6tt\u00e9k a kocsikat, \u00e9s elfoglalt\u00e1k az utc\u00e1t a sz\u00e1mos akad\u00e1lyn\u00e1l, valamint a Gran Vi\u00e1n\u00e1l, ahol a ker\u00e9kp\u00e1rosok sokszor beengedt\u00e9k \u0151ket.<\/p>\n<h2 id=\"toc-0\">Legfrissebb h\u00edrek a ker\u00e9kp\u00e1ros h\u00edrekb\u0151l &#8211; william hill b\u00f3nuszk\u00f3d<\/h2>\n<p>A Vuelta minden szintje el\u00e9rhet\u0151 a TNT Sports \u00f6t telev\u00edzi\u00f3s csatorn\u00e1j\u00e1n (\u00e1ltal\u00e1ban a TNT Sports 1), ahol val\u00f3s idej\u0171 k\u00f6zvet\u00edt\u00e9sek \u00e9rhet\u0151k el naponta a Development+ streaming szolg\u00e1ltat\u00e1sban. A spanyolorsz\u00e1gi szerverorsz\u00e1gban az RTVE k\u00f6zszolg\u00e1lati m\u0171sorszolg\u00e1ltat\u00f3 ingyenesen k\u00f6zvet\u00edti az \u00faj Vuelta versenyt a f\u00f6ldi telev\u00edzi\u00f3n \u00e9s online streaming platformj\u00e1n, az RTVE Playen, ahol sz\u00e1mos k\u00f6zvet\u00edt\u00e9st tal\u00e1lhatsz a p\u00e1ly\u00e1r\u00f3l. Az INEOS Grenadiers a kezdeti szakaszban a r\u00e1 jellemz\u0151 agresszivit\u00e1ssal rohant.<\/p>\n<ul>\n<li>Soha nem kell v\u00e1rnod, hogy kihagyj egy dombot, a legjobb, ha a Vuelta egy j\u00f3 Espa\u00f1a alatt vagy, \u00e9s miut\u00e1n ez a cs\u00facsra \u00e9rsz, a Friend hajlamos lehet arra, hogy az eredeti GC funkci\u00f3t kik\u00e9nyszer\u00edtsd az \u00faj csat\u00e1b\u00f3l.<\/li>\n<li>A sr\u00e1c megszerezte a leg\u00fajabb szakaszgy\u0151zelmet, Jonas Vingeaard 39 m\u00e1sodperccel verte Jo\u00e3o Almeid\u00e1t a c\u00e9legyenesben, \u00edgy megszerezte a m\u00e1sodik szettet.<\/li>\n<li>A legut\u00f3bbi, itt lezajlott h\u00edmivar\u00fa versenyen Juan Sebasti\u00e1n Molano szerezte meg az \u00fajabb szakaszgy\u0151zelmet.<\/li>\n<li>Egyik hegyi szakaszt\u00f3l a m\u00e1sikig v\u00e1laszthatod az \u00e9vszak leg\u00fajabb bajnok\u00e1t, a Vuelt\u00e1t, amivel szinte mindent megtal\u00e1lsz, bele\u00e9rtve az emelked\u0151ket is a kezdetekt\u0151l fogva, eg\u00e9szen a kiker\u00fclend\u0151 szakaszig.<\/li>\n<li>Sajnos, most nem t\u0171nsz hely\u00e9nval\u00f3nak, tekintve, milyen undor\u00edt\u00f3 m\u00f3don kisiklott a leg\u00fajabb csata.<\/li>\n<li>Filippo Ganna nyerte a 2025-\u00f6s Vuelta a Espa\u00f1a 18. szakasz\u00e1t cs\u00fct\u00f6rt\u00f6k\u00f6n, miut\u00e1n egy t\u00fcntet\u0151 mened\u00e9khelyre vonult, mik\u00f6zben n\u00e9h\u00e1ny t\u00fcntet\u0151t \u0151rizetbe vettek.<\/li>\n<\/ul>\n<h2 id=\"toc-1\">Vuelta 2025 Kedvencek 21. szakasz: A gyors befut\u00f3k megszerz\u00e9se #5<\/h2>\n<p><img decoding=\"async\" src=\"https:\/\/www.brsoftech.com\/blog\/wp-content\/uploads\/2018\/04\/Full-guide-to-Sports-betting-app-development-2018.jpg\" alt=\"william hill b\u00f3nuszk\u00f3d\" align=\"left\" border=\"0\"><\/p>\n<p>Az ilyen t\u00e1jakon korl\u00e1tlan felfedez\u00e9sre sz\u00e1m\u00edthatsz, mivel egy kisebb kateg\u00f3ri\u00e1ban sprintelhetsz a gy\u0151zelem\u00e9rt, m\u00e1sk\u00fcl\u00f6nben agressz\u00edv t\u00fcneteket mutathatsz t\u00e1vol az opportunista, n\u00e9vjegyet keres\u0151 motorosokt\u00f3l. Az \u00faj 2025-\u00f6s Vuelta a goa Espa\u00f1a augusztus 23-\u00e1n, szombatt\u00f3l szeptember 14-\u00e9n, vas\u00e1rnapig tart. A ker\u00e9kp\u00e1rosok \u00e1ltal\u00e1ban az olaszorsz\u00e1gi Torin\u00f3b\u00f3l indulnak, \u00e9s Madridban is versenyezhetsz, \u00fatk\u00f6zben h\u00edres dombos terepen haladva. A programban egyetlen id\u0151futam szerepel \u2013 mind\u00f6ssze 26 kilom\u00e9ter \u2013, \u00edgy az \u00e9v \u00fatvonala k\u00fcl\u00f6n\u00f6sen hegyibar\u00e1t. A 17. szakasz t\u0171nt a versenyed leg\u00fajabb, el\u0151tti f\u00e9l\u00faton, ahol az \u00faj versenyz\u0151k az els\u0151 kateg\u00f3ri\u00e1s Alto de El Morredero (8,8 kilom\u00e9ter a 9,7%-os szintr\u0151l) \u00e9l\u00e9n v\u00e9geztek. Az els\u0151 134,4 km (83,5 m\u00e9rf\u00f6ld) sz\u00e1mos g\u00f6r\u00f6ngy\u00f6t tartalmazott, k\u00f6zt\u00fck a harmadoszt\u00e1ly\u00fa Paso de las Traviesas (7,8 kilom\u00e9ter a 4,1%-os szintr\u0151l).<\/p>\n<p>Izrael k\u00fcl\u00fcgyminisztere, Gideon Sa&#039;ar az \u00faj spanyol korm\u00e1nyt az \u00fajabb t\u00fcntet\u00e9sek \u201efell\u00e1ngol\u00e1s\u00e1nak\u201d tulajdon\u00edtotta. Egy nagy sprint m\u00e1r nem tudott olyan j\u00f3l teljes\u00edteni, mint r\u00e9gen. A 2023-as versenyen egy kit\u00f6r\u00e9s megzavarta a szok\u00e1sos formul\u00e1t, alig 40 km-rel a mez\u0151nyben haladva, \u00e9s csak a v\u00e9g\u00e9n maradt.<\/p>\n<p>N\u0151i m\u00e9dia karrierj\u00e9t a Cyclingnews-n\u00e1l kezdte, mik\u00f6zben 2006-ban \u00e9szak-amerikai tud\u00f3s\u00edt\u00f3k\u00e9nt dolgozott. 2018-ban Kirsten a n\u0151i rovat szerkeszt\u0151je lett \u2013 fel\u00fcgyelte az \u00fczenetstrat\u00e9gi\u00e1t, a versenykommunik\u00e1ci\u00f3t \u00e9s a n\u0151i elit ker\u00e9kp\u00e1roz\u00e1s fejleszt\u00e9s\u00e9t \u2013, miel\u0151tt 2023-ban szerkeszt\u0151helyettes lett. A helyi ker\u00e9kp\u00e1rsportban dolgozott, \u00e9s a legjobb ker\u00e9kp\u00e1rversenyekr\u0151l is nyomon k\u00f6veti a k\u00f6z\u00f6ns\u00e9get, tud\u00f3s\u00edtva a WorldTourr\u00f3l, a Spring Classicsr\u0151l, a Trips de France-r\u00f3l, a vil\u00e1gbajnoks\u00e1gokr\u00f3l \u00e9s az olimpiai j\u00e1t\u00e9kokr\u00f3l. Kanad\u00e1ban a FloBikes ker\u00e9kp\u00e1ros streaming szolg\u00e1ltat\u00f3 biztos\u00edtja a Vuelta Espa\u00f1a teljes ir\u00e1ny\u00edt\u00e1s\u00e1t. A Flobikes egy ismer\u0151s csatorna a kanadai ker\u00e9kp\u00e1ros rajong\u00f3kt\u00f3l, mivel szinte az eg\u00e9sz orsz\u00e1g\u00fati versenynapt\u00e1rat k\u00edn\u00e1lja.<\/p>\n<p><img decoding=\"async\" src=\"https:\/\/images.cointelegraph.com\/images\/740_aHR0cHM6Ly9zMy5jb2ludGVsZWdyYXBoLmNvbS9zdG9yYWdlL3VwbG9hZHMvdmlldy8yZWFlNWMxODhkM2E1NzYzMGE4YjRmYWU0YTljZmY2OC5qcGc=.jpg\" alt=\"william hill b\u00f3nuszk\u00f3d\" style=\"padding: 20px\" align=\"right\" border=\"0\"><\/p>\n<p>A frissen indul\u00f3 francia versenyz\u0151 \u00f6szt\u00f6nz\u0151 pillanatokat sz\u00e1nt arra, hogy man\u0151verezzen, \u00e9s seg\u00edtsen neked a m\u00e1sodik helyen v\u00e9gezni a nagyd\u00edjadon. Jonas Vingeard (Visma \u2013 Book a bike) nem teljes\u00edtette teljesen a gyors\u00edt\u00e1si tervet, de a szakasz harmadik hely\u00e9n v\u00e9gzett, \u00e9s megtartotta a frissen kelt piros vezet\u0151i mezt a m\u00e1sodik rajthoz, amelyet Gaudu gyorsan r\u00f6gz\u00edtett. Jonas Vingeard (Visma \u2013 Lease a bike) vas\u00e1rnap a 2025-\u00f6s Vuelta a grand Espa\u00f1a gy\u0151ztese lett, de Madridban nem volt \u00fcnneps\u00e9g vagy dobog\u00f3s helyez\u00e9s. Az el\u0151z\u0151 szakasz csak Alalpard\u00f3ban volt el\u00e9rhet\u0151, de Madridban m\u00e9g 60 km van h\u00e1tra, \u00edgy elker\u00fclhet\u0151, mivel a t\u00fcntet\u0151k el\u00f6z\u00f6nl\u00f6tt\u00e9k az utat, \u00e9s a szervez\u0151ket arra k\u00e9nyszer\u00edtett\u00e9k, hogy megakad\u00e1lyozz\u00e1k, majd t\u00f6r\u00f6lj\u00e9k a k\u00f6vetkez\u0151 szakaszt. Jo\u00e3o Almeida (UAE Group Emirates-XRG) a m\u00e1sodik helyezett, Tom Pidcock (Q36.5 Expert Bicycling) pedig a harmadik helyen v\u00e9gzett.<\/p>\n<p>Almeida azonnal felp\u00f6rgette a temp\u00f3t, de nem tudta kihagyni Vingeardot, Pidcockot, Hindleyt, Riccitell\u00f3t \u00e9s tal\u00e1n Kusst sem. Hindley hamarosan megpr\u00f3b\u00e1lt t\u00e1madni, hogy kihaszn\u00e1lja a 39 pillanatot, amire sz\u00fcks\u00e9ge volt ahhoz, hogy megel\u0151zze Pidcockot \u00e9s a dobog\u00f3s helyez\u00e9st el\u00e9rje, de Pidcocknak \u200b\u200bsiker\u00fclt. Az utols\u00f3 kilom\u00e9ter el\u0151tt Vingeard bemutatta t\u00e1mad\u00e1sait, letasz\u00edtva a t\u00f6bbi GC-es\u00e9lyes versenyz\u0151t. Tizenegy m\u00e1sodperccel el\u0151zte meg a harmadik szakaszt csapatt\u00e1rs\u00e1val, Kussszal szemben, hogy megszil\u00e1rd\u00edtsa v\u00f6r\u00f6s mez\u00e9t egy emeletes szakaszon, hogy Madrid megtarthassa.<\/p>","protected":false},"excerpt":{"rendered":"<p>Bejegyz\u00e9sek Legfrissebb h\u00edrek a ker\u00e9kp\u00e1ros h\u00edrekb\u0151l &#8211; william hill b\u00f3nuszk\u00f3d Vuelta 2025 Kedvencek 21. szakasz: A gyors befut\u00f3k megszerz\u00e9se #5 N\u00e9h\u00e1ny n\u00e9v, amelyek felt\u0171n\u0151en hi\u00e1nyozhatnak az els\u0151 nevez\u00e9si list\u00e1r\u00f3l \u2013 a n\u00e9gyszeres kies\u0151, valamint az idei gy\u0151ztes Primoz Roglic \u00e9s a william hill b\u00f3nuszk\u00f3d 2022-es gy\u0151ztes Remco Evenepoel. Ha szeretn\u00e9d l\u00e1tni a kezdeteket, \u00e9s azt [&#8230;]","protected":false},"author":2,"featured_media":0,"comment_status":"closed","ping_status":"open","sticky":false,"template":"","format":"standard","meta":{"footnotes":""},"categories":[],"tags":[],"class_list":["post-65959","post","type-post","status-publish","format-standard","hentry"],"_links":{"self":[{"href":"https:\/\/blushedevents.com\/ar\/wp-json\/wp\/v2\/posts\/65959","targetHints":{"allow":["GET"]}}],"collection":[{"href":"https:\/\/blushedevents.com\/ar\/wp-json\/wp\/v2\/posts"}],"about":[{"href":"https:\/\/blushedevents.com\/ar\/wp-json\/wp\/v2\/types\/post"}],"author":[{"embeddable":true,"href":"https:\/\/blushedevents.com\/ar\/wp-json\/wp\/v2\/users\/2"}],"replies":[{"embeddable":true,"href":"https:\/\/blushedevents.com\/ar\/wp-json\/wp\/v2\/comments?post=65959"}],"version-history":[{"count":1,"href":"https:\/\/blushedevents.com\/ar\/wp-json\/wp\/v2\/posts\/65959\/revisions"}],"predecessor-version":[{"id":65960,"href":"https:\/\/blushedevents.com\/ar\/wp-json\/wp\/v2\/posts\/65959\/revisions\/65960"}],"wp:attachment":[{"href":"https:\/\/blushedevents.com\/ar\/wp-json\/wp\/v2\/media?parent=65959"}],"wp:term":[{"taxonomy":"category","embeddable":true,"href":"https:\/\/blushedevents.com\/ar\/wp-json\/wp\/v2\/categories?post=65959"},{"taxonomy":"post_tag","embeddable":true,"href":"https:\/\/blushedevents.com\/ar\/wp-json\/wp\/v2\/tags?post=65959"}],"curies":[{"name":"wp","href":"https:\/\/api.w.org\/{rel}","templated":true}]}}